{"id":1,"count":1,"description":"Tenemos Eventos de Alcance a los cuales puede asisitir.\r\n\r\n\"Por tanto, id, y haced disc\u00edpulos a todas las naciones, bautiz\u00e1ndolos en el nombre del Padre, y del Hijo, y del Esp\u00edritu Santo; ense\u00f1\u00e1ndoles que guarden todas las cosas que os he mandado; y he aqu\u00ed yo estoy con vosotros todos los d\u00edas, hasta el fin del mundo. Am\u00e9n.\"  Mateo 28:19-20\r\n\r\n\r\n\r\n\r\n","link":"https:\/\/iglesiaec.org\/index.php\/category\/eventos\/","name":"Eventos Especiales","slug":"eventos","taxonomy":"category","parent":0,"meta":[],"_links":{"self":[{"href":"https:\/\/iglesiaec.org\/index.php\/wp-json\/wp\/v2\/categories\/1","targetHints":{"allow":["GET"]}}],"collection":[{"href":"https:\/\/iglesiaec.org\/index.php\/wp-json\/wp\/v2\/categories"}],"about":[{"href":"https:\/\/iglesiaec.org\/index.php\/wp-json\/wp\/v2\/taxonomies\/category"}],"wp:post_type":[{"href":"https:\/\/iglesiaec.org\/index.php\/wp-json\/wp\/v2\/posts?categories=1"}],"curies":[{"name":"wp","href":"https:\/\/api.w.org\/{rel}","templated":true}]}}